{"id":742,"date":"2025-02-06T19:59:55","date_gmt":"2025-02-06T19:59:55","guid":{"rendered":"https:\/\/pediatra365.com\/?p=742"},"modified":"2025-02-07T09:19:05","modified_gmt":"2025-02-07T09:19:05","slug":"las-5-preguntas-mas-frecuentes-de-los-padres-primerizos-y-sus-respuestas-esenciales","status":"publish","type":"post","link":"https:\/\/pediatra365.com\/en\/las-5-preguntas-mas-frecuentes-de-los-padres-primerizos-y-sus-respuestas-esenciales\/","title":{"rendered":"Las 5 Preguntas M\u00e1s Frecuentes de los Padres Primerizos (y Sus Respuestas Esenciales)"},"content":{"rendered":"<p>Ser padre primerizo es una experiencia emocionante y desafiante a la vez. Las dudas son normales, y encontrar respuestas confiables puede marcar la diferencia. En este art\u00edculo, responderemos las cinco preguntas m\u00e1s buscadas por los nuevos padres, con informaci\u00f3n clave que te ayudar\u00e1 a cuidar mejor de tu beb\u00e9.<\/p>\n\n\n\n<h2 class=\"wp-block-heading\">\u00bfC\u00f3mo saber si mi beb\u00e9 est\u00e1 comiendo lo suficiente?<\/h2>\n\n\n\n<p>Uno de los mayores temores de los padres primerizos es si su beb\u00e9 est\u00e1 bien alimentado. Para asegurarte, presta atenci\u00f3n a estas se\u00f1ales:<\/p>\n\n\n\n<ul class=\"wp-block-list\">\n<li><strong>Pa\u00f1ales mojados y sucios:<\/strong> Un beb\u00e9 bien alimentado moja al menos 6-8 pa\u00f1ales al d\u00eda.<\/li>\n\n\n\n<li><strong>Aumento de peso constante:<\/strong> En las primeras semanas, los beb\u00e9s suelen ganar entre 150 y 200 gramos por semana.<\/li>\n\n\n\n<li><strong>Actitud relajada despu\u00e9s de comer:<\/strong> Si tras alimentarse tu beb\u00e9 parece tranquilo, es una buena se\u00f1al.<\/li>\n<\/ul>\n\n\n\n<p>Si tienes dudas, consulta con tu pediatra para asegurarte de que su crecimiento y desarrollo son adecuados.<\/p>\n\n\n\n<h2 class=\"wp-block-heading\">\u00bfPor qu\u00e9 mi reci\u00e9n nacido llora tanto?<\/h2>\n\n\n\n<p><strong>El llanto es la principal forma en que tu beb\u00e9 expresa sus necesidades.<\/strong> Puede deberse a hambre, incomodidad, sue\u00f1o o simplemente a la necesidad de contacto y consuelo. <strong>Para calmarlo<\/strong>, primero comprueba que ha comido bien y que su pa\u00f1al est\u00e1 limpio. Crear un ambiente relajado y con poca estimulaci\u00f3n puede ser clave. Si tiene gases, prueba con un suave masaje en su barriga o col\u00f3calo en posici\u00f3n vertical unos minutos. A veces, solo necesita sentir el calor y la seguridad de tus brazos para calmarse. La paciencia y la observaci\u00f3n te ayudar\u00e1n a entender mejor sus se\u00f1ales.<\/p>\n\n\n\n<h2 class=\"wp-block-heading\">\u00bfCu\u00e1ndo es seguro sacar a mi beb\u00e9 a la calle?<\/h2>\n\n\n\n<p>Salir al exterior con tu hijo o hija es <strong>muy positivo <\/strong>para los ni\u00f1os ya que les que le permite conocer su entorno y respirar a<strong>ire fresco<\/strong>. Sin embargo, es fundamental tomar ciertas precauciones para garantizar su bienestar. Lo mejor es a partir de la <strong>segunda semana de vida<\/strong>, si el beb\u00e9 esta sano.<\/p>\n\n\n\n<p>Es recomendable e<strong>vitar lugares con mucha gente<\/strong>, ya que el sistema inmune del reci\u00e9n nacido a\u00fan es inmaduro y es m\u00e1s vulnerable a infecciones. Adem\u00e1s, es esencial proteger su piel con ropa adecuada y evitar la exposici\u00f3n directa al sol.<\/p>\n\n\n\n<p>Otro aspecto a considerar es el <strong>clima<\/strong>. Las temperaturas extremas, tanto el fr\u00edo intenso como el calor sofocante pueden afectar al beb\u00e9, por lo que se aconseja salir en horarios donde el ambiente sea m\u00e1s templado.<\/p>\n\n\n\n<p>Salir con tu beb\u00e9 es una oportunidad para<strong> fortalecer vuestro v\u00ednculo<\/strong> y ayudarle a descubrir el mundo de manera segura.<\/p>\n\n\n\n<h2 class=\"wp-block-heading\">\u00bfCu\u00e1ndo empezar a establecer una rutina de sue\u00f1o?<\/h2>\n\n\n\n<p>Desde las primeras semanas, puedes ayudar a tu beb\u00e9 a distinguir el d\u00eda de la noche:<\/p>\n\n\n\n<ul class=\"wp-block-list\">\n<li><strong>Durante el d\u00eda<\/strong>: Mant\u00e9n la casa iluminada y permite sonidos normales.<\/li>\n\n\n\n<li><strong>Por la noche<\/strong>: Reduce la luz y evita estimulaciones innecesarias.<\/li>\n\n\n\n<li><strong>Rutina de sue\u00f1o<\/strong>: Un ba\u00f1o tibio y un ambiente relajado ayudan a establecer un horario.<\/li>\n\n\n\n<li><strong>Evita acostarlo demasiado tarde<\/strong>: Lo ideal es que tenga horarios regulares para descansar mejor.<\/li>\n<\/ul>\n\n\n\n<h2 class=\"wp-block-heading\">\u00bfCu\u00e1ndo empezar con la alimentaci\u00f3n complementaria?<\/h2>\n\n\n\n<p>Seg\u00fan la OMS, la alimentaci\u00f3n complementaria debe iniciarse a los <strong>6 meses<\/strong> y no antes, salvo indicaci\u00f3n pedi\u00e1trica. Algunas claves:<\/p>\n\n\n\n<ul class=\"wp-block-list\">\n<li><strong>Se\u00f1ales de que est\u00e1 listo:<\/strong> Se mantiene sentado sin ayuda, muestra inter\u00e9s por la comida y ha perdido el reflejo de extrusi\u00f3n.<\/li>\n\n\n\n<li><strong>Primeros alimentos:<\/strong> Pur\u00e9s de frutas y verduras, cereales sin gluten y carnes suaves.<\/li>\n\n\n\n<li><strong>Evita az\u00facares y sal:<\/strong> No son recomendados en esta etapa.<\/li>\n\n\n\n<li><strong>Ofrece agua:<\/strong> En peque\u00f1as cantidades junto con los alimentos.<\/li>\n<\/ul>\n\n\n\n<h3 class=\"wp-block-heading\">Conclusi\u00f3n<\/h3>\n\n\n\n<p>Ser padre primerizo implica muchas dudas, pero con la informaci\u00f3n correcta, todo se vuelve m\u00e1s sencillo. Si tienes m\u00e1s preguntas sobre la salud y el bienestar de tu beb\u00e9, <strong>consulta con el Dr. Alfonso Ca\u00f1ete<\/strong>, especialista en pediatr\u00eda a domicilio, para recibir asesoramiento personalizado.<\/p>\n\n\n\n<p><strong>\u00bfTienes m\u00e1s dudas sobre el cuidado de tu beb\u00e9?<\/strong> Deja tu comentario o contacta con nosotros para recibir la mejor atenci\u00f3n pedi\u00e1trica.<\/p>\n\n\n\n<p><\/p>","protected":false},"excerpt":{"rendered":"<p>Ser padre primerizo es una experiencia emocionante y desafiante a la vez. Las dudas son normales, y encontrar respuestas confiables puede marcar la diferencia. En este art\u00edculo, responderemos las cinco preguntas m\u00e1s buscadas por los nuevos padres, con informaci\u00f3n clave que te ayudar\u00e1 a cuidar mejor de tu beb\u00e9. \u00bfC\u00f3mo saber si mi beb\u00e9 est\u00e1 [&hellip;]<\/p>\n","protected":false},"author":1,"featured_media":0,"comment_status":"open","ping_status":"open","sticky":false,"template":"","format":"standard","meta":{"footnotes":""},"categories":[1],"tags":[],"class_list":["post-742","post","type-post","status-publish","format-standard","hentry","category-blog"],"yoast_head":"<!-- This site is optimized with the Yoast SEO plugin v27.5 - https:\/\/yoast.com\/product\/yoast-seo-wordpress\/ -->\n<title>\u25b7 Las 5 Preguntas M\u00e1s Frecuentes de Padres Primerizos<\/title>\n<meta name=\"description\" content=\"Descubre las respuestas a las 5 dudas m\u00e1s comunes de los padres primerizos y aprende c\u00f3mo cuidar mejor a tu beb\u00e9 desde el primer d\u00eda.\" \/>\n<meta name=\"robots\" content=\"index, follow, max-snippet:-1, max-image-preview:large, max-video-preview:-1\" \/>\n<link rel=\"canonical\" href=\"https:\/\/pediatra365.com\/en\/las-5-preguntas-mas-frecuentes-de-los-padres-primerizos-y-sus-respuestas-esenciales\/\" \/>\n<meta property=\"og:locale\" content=\"en_US\" \/>\n<meta property=\"og:type\" content=\"article\" \/>\n<meta property=\"og:title\" content=\"\u25b7 Las 5 Preguntas M\u00e1s Frecuentes de Padres Primerizos\" \/>\n<meta property=\"og:description\" content=\"Descubre las respuestas a las 5 dudas m\u00e1s comunes de los padres primerizos y aprende c\u00f3mo cuidar mejor a tu beb\u00e9 desde el primer d\u00eda.\" \/>\n<meta property=\"og:url\" content=\"https:\/\/pediatra365.com\/en\/las-5-preguntas-mas-frecuentes-de-los-padres-primerizos-y-sus-respuestas-esenciales\/\" \/>\n<meta property=\"og:site_name\" content=\"Pediatra365\" \/>\n<meta property=\"article:published_time\" content=\"2025-02-06T19:59:55+00:00\" \/>\n<meta property=\"article:modified_time\" content=\"2025-02-07T09:19:05+00:00\" \/>\n<meta property=\"og:image\" content=\"https:\/\/pediatra365.com\/wp-content\/uploads\/2023\/02\/WhatsApp-Image-2023-02-12-at-19.38.17.jpeg\" \/>\n\t<meta property=\"og:image:width\" content=\"1600\" \/>\n\t<meta property=\"og:image:height\" content=\"297\" \/>\n\t<meta property=\"og:image:type\" content=\"image\/jpeg\" \/>\n<meta name=\"author\" content=\"admin\" \/>\n<meta name=\"twitter:card\" content=\"summary_large_image\" \/>\n<meta name=\"twitter:label1\" content=\"Written by\" \/>\n\t<meta name=\"twitter:data1\" content=\"admin\" \/>\n\t<meta name=\"twitter:label2\" content=\"Est. reading time\" \/>\n\t<meta name=\"twitter:data2\" content=\"3 minutes\" \/>\n<script type=\"application\/ld+json\" class=\"yoast-schema-graph\">{\"@context\":\"https:\\\/\\\/schema.org\",\"@graph\":[{\"@type\":\"Article\",\"@id\":\"https:\\\/\\\/pediatra365.com\\\/las-5-preguntas-mas-frecuentes-de-los-padres-primerizos-y-sus-respuestas-esenciales\\\/#article\",\"isPartOf\":{\"@id\":\"https:\\\/\\\/pediatra365.com\\\/las-5-preguntas-mas-frecuentes-de-los-padres-primerizos-y-sus-respuestas-esenciales\\\/\"},\"author\":{\"name\":\"admin\",\"@id\":\"https:\\\/\\\/pediatra365.com\\\/#\\\/schema\\\/person\\\/0fa289dc35425f29acda50ba3d7833a0\"},\"headline\":\"Las 5 Preguntas M\u00e1s Frecuentes de los Padres Primerizos (y Sus Respuestas Esenciales)\",\"datePublished\":\"2025-02-06T19:59:55+00:00\",\"dateModified\":\"2025-02-07T09:19:05+00:00\",\"mainEntityOfPage\":{\"@id\":\"https:\\\/\\\/pediatra365.com\\\/las-5-preguntas-mas-frecuentes-de-los-padres-primerizos-y-sus-respuestas-esenciales\\\/\"},\"wordCount\":703,\"commentCount\":0,\"publisher\":{\"@id\":\"https:\\\/\\\/pediatra365.com\\\/#\\\/schema\\\/person\\\/95a0a44149e9026d0aa2d63c8179a94c\"},\"articleSection\":[\"Blog\"],\"inLanguage\":\"en-US\",\"potentialAction\":[{\"@type\":\"CommentAction\",\"name\":\"Comment\",\"target\":[\"https:\\\/\\\/pediatra365.com\\\/las-5-preguntas-mas-frecuentes-de-los-padres-primerizos-y-sus-respuestas-esenciales\\\/#respond\"]}]},{\"@type\":\"WebPage\",\"@id\":\"https:\\\/\\\/pediatra365.com\\\/las-5-preguntas-mas-frecuentes-de-los-padres-primerizos-y-sus-respuestas-esenciales\\\/\",\"url\":\"https:\\\/\\\/pediatra365.com\\\/las-5-preguntas-mas-frecuentes-de-los-padres-primerizos-y-sus-respuestas-esenciales\\\/\",\"name\":\"\u25b7 Las 5 Preguntas M\u00e1s Frecuentes de Padres Primerizos\",\"isPartOf\":{\"@id\":\"https:\\\/\\\/pediatra365.com\\\/#website\"},\"datePublished\":\"2025-02-06T19:59:55+00:00\",\"dateModified\":\"2025-02-07T09:19:05+00:00\",\"description\":\"Descubre las respuestas a las 5 dudas m\u00e1s comunes de los padres primerizos y aprende c\u00f3mo cuidar mejor a tu beb\u00e9 desde el primer d\u00eda.\",\"breadcrumb\":{\"@id\":\"https:\\\/\\\/pediatra365.com\\\/las-5-preguntas-mas-frecuentes-de-los-padres-primerizos-y-sus-respuestas-esenciales\\\/#breadcrumb\"},\"inLanguage\":\"en-US\",\"potentialAction\":[{\"@type\":\"ReadAction\",\"target\":[\"https:\\\/\\\/pediatra365.com\\\/las-5-preguntas-mas-frecuentes-de-los-padres-primerizos-y-sus-respuestas-esenciales\\\/\"]}]},{\"@type\":\"BreadcrumbList\",\"@id\":\"https:\\\/\\\/pediatra365.com\\\/las-5-preguntas-mas-frecuentes-de-los-padres-primerizos-y-sus-respuestas-esenciales\\\/#breadcrumb\",\"itemListElement\":[{\"@type\":\"ListItem\",\"position\":1,\"name\":\"Portada\",\"item\":\"https:\\\/\\\/pediatra365.com\\\/\"},{\"@type\":\"ListItem\",\"position\":2,\"name\":\"Las 5 Preguntas M\u00e1s Frecuentes de los Padres Primerizos (y Sus Respuestas Esenciales)\"}]},{\"@type\":\"WebSite\",\"@id\":\"https:\\\/\\\/pediatra365.com\\\/#website\",\"url\":\"https:\\\/\\\/pediatra365.com\\\/\",\"name\":\"Pediatra365\",\"description\":\"Servicio de pediatr\u00eda a domicilio en Madrid\",\"publisher\":{\"@id\":\"https:\\\/\\\/pediatra365.com\\\/#\\\/schema\\\/person\\\/95a0a44149e9026d0aa2d63c8179a94c\"},\"alternateName\":\"El mejor pediatra a domicilio en Madrid\",\"potentialAction\":[{\"@type\":\"SearchAction\",\"target\":{\"@type\":\"EntryPoint\",\"urlTemplate\":\"https:\\\/\\\/pediatra365.com\\\/?s={search_term_string}\"},\"query-input\":{\"@type\":\"PropertyValueSpecification\",\"valueRequired\":true,\"valueName\":\"search_term_string\"}}],\"inLanguage\":\"en-US\"},{\"@type\":[\"Person\",\"Organization\"],\"@id\":\"https:\\\/\\\/pediatra365.com\\\/#\\\/schema\\\/person\\\/95a0a44149e9026d0aa2d63c8179a94c\",\"name\":\"Alfonso Ca\u00f1ete\",\"image\":{\"@type\":\"ImageObject\",\"inLanguage\":\"en-US\",\"@id\":\"https:\\\/\\\/pediatra365.com\\\/wp-content\\\/uploads\\\/2023\\\/02\\\/WhatsApp-Image-2023-02-12-at-19.38.17.jpeg\",\"url\":\"https:\\\/\\\/pediatra365.com\\\/wp-content\\\/uploads\\\/2023\\\/02\\\/WhatsApp-Image-2023-02-12-at-19.38.17.jpeg\",\"contentUrl\":\"https:\\\/\\\/pediatra365.com\\\/wp-content\\\/uploads\\\/2023\\\/02\\\/WhatsApp-Image-2023-02-12-at-19.38.17.jpeg\",\"width\":1600,\"height\":297,\"caption\":\"Alfonso Ca\u00f1ete\"},\"logo\":{\"@id\":\"https:\\\/\\\/pediatra365.com\\\/wp-content\\\/uploads\\\/2023\\\/02\\\/WhatsApp-Image-2023-02-12-at-19.38.17.jpeg\"},\"sameAs\":[\"https:\\\/\\\/pediatra365.com\\\/\"]},{\"@type\":\"Person\",\"@id\":\"https:\\\/\\\/pediatra365.com\\\/#\\\/schema\\\/person\\\/0fa289dc35425f29acda50ba3d7833a0\",\"name\":\"admin\",\"image\":{\"@type\":\"ImageObject\",\"inLanguage\":\"en-US\",\"@id\":\"https:\\\/\\\/secure.gravatar.com\\\/avatar\\\/b37b26c8caab22840b5ad2a1a59eeaabcb73a7a3ff1a38cd15b7fc3e86213a02?s=96&d=mm&r=g\",\"url\":\"https:\\\/\\\/secure.gravatar.com\\\/avatar\\\/b37b26c8caab22840b5ad2a1a59eeaabcb73a7a3ff1a38cd15b7fc3e86213a02?s=96&d=mm&r=g\",\"contentUrl\":\"https:\\\/\\\/secure.gravatar.com\\\/avatar\\\/b37b26c8caab22840b5ad2a1a59eeaabcb73a7a3ff1a38cd15b7fc3e86213a02?s=96&d=mm&r=g\",\"caption\":\"admin\"},\"sameAs\":[\"http:\\\/\\\/pediatra365.com\"]}]}<\/script>\n<!-- \/ Yoast SEO plugin. -->","yoast_head_json":{"title":"\u25b7 Las 5 Preguntas M\u00e1s Frecuentes de Padres Primerizos","description":"Descubre las respuestas a las 5 dudas m\u00e1s comunes de los padres primerizos y aprende c\u00f3mo cuidar mejor a tu beb\u00e9 desde el primer d\u00eda.","robots":{"index":"index","follow":"follow","max-snippet":"max-snippet:-1","max-image-preview":"max-image-preview:large","max-video-preview":"max-video-preview:-1"},"canonical":"https:\/\/pediatra365.com\/en\/las-5-preguntas-mas-frecuentes-de-los-padres-primerizos-y-sus-respuestas-esenciales\/","og_locale":"en_US","og_type":"article","og_title":"\u25b7 Las 5 Preguntas M\u00e1s Frecuentes de Padres Primerizos","og_description":"Descubre las respuestas a las 5 dudas m\u00e1s comunes de los padres primerizos y aprende c\u00f3mo cuidar mejor a tu beb\u00e9 desde el primer d\u00eda.","og_url":"https:\/\/pediatra365.com\/en\/las-5-preguntas-mas-frecuentes-de-los-padres-primerizos-y-sus-respuestas-esenciales\/","og_site_name":"Pediatra365","article_published_time":"2025-02-06T19:59:55+00:00","article_modified_time":"2025-02-07T09:19:05+00:00","og_image":[{"width":1600,"height":297,"url":"https:\/\/pediatra365.com\/wp-content\/uploads\/2023\/02\/WhatsApp-Image-2023-02-12-at-19.38.17.jpeg","type":"image\/jpeg"}],"author":"admin","twitter_card":"summary_large_image","twitter_misc":{"Written by":"admin","Est. reading time":"3 minutes"},"schema":{"@context":"https:\/\/schema.org","@graph":[{"@type":"Article","@id":"https:\/\/pediatra365.com\/las-5-preguntas-mas-frecuentes-de-los-padres-primerizos-y-sus-respuestas-esenciales\/#article","isPartOf":{"@id":"https:\/\/pediatra365.com\/las-5-preguntas-mas-frecuentes-de-los-padres-primerizos-y-sus-respuestas-esenciales\/"},"author":{"name":"admin","@id":"https:\/\/pediatra365.com\/#\/schema\/person\/0fa289dc35425f29acda50ba3d7833a0"},"headline":"Las 5 Preguntas M\u00e1s Frecuentes de los Padres Primerizos (y Sus Respuestas Esenciales)","datePublished":"2025-02-06T19:59:55+00:00","dateModified":"2025-02-07T09:19:05+00:00","mainEntityOfPage":{"@id":"https:\/\/pediatra365.com\/las-5-preguntas-mas-frecuentes-de-los-padres-primerizos-y-sus-respuestas-esenciales\/"},"wordCount":703,"commentCount":0,"publisher":{"@id":"https:\/\/pediatra365.com\/#\/schema\/person\/95a0a44149e9026d0aa2d63c8179a94c"},"articleSection":["Blog"],"inLanguage":"en-US","potentialAction":[{"@type":"CommentAction","name":"Comment","target":["https:\/\/pediatra365.com\/las-5-preguntas-mas-frecuentes-de-los-padres-primerizos-y-sus-respuestas-esenciales\/#respond"]}]},{"@type":"WebPage","@id":"https:\/\/pediatra365.com\/las-5-preguntas-mas-frecuentes-de-los-padres-primerizos-y-sus-respuestas-esenciales\/","url":"https:\/\/pediatra365.com\/las-5-preguntas-mas-frecuentes-de-los-padres-primerizos-y-sus-respuestas-esenciales\/","name":"\u25b7 Las 5 Preguntas M\u00e1s Frecuentes de Padres Primerizos","isPartOf":{"@id":"https:\/\/pediatra365.com\/#website"},"datePublished":"2025-02-06T19:59:55+00:00","dateModified":"2025-02-07T09:19:05+00:00","description":"Descubre las respuestas a las 5 dudas m\u00e1s comunes de los padres primerizos y aprende c\u00f3mo cuidar mejor a tu beb\u00e9 desde el primer d\u00eda.","breadcrumb":{"@id":"https:\/\/pediatra365.com\/las-5-preguntas-mas-frecuentes-de-los-padres-primerizos-y-sus-respuestas-esenciales\/#breadcrumb"},"inLanguage":"en-US","potentialAction":[{"@type":"ReadAction","target":["https:\/\/pediatra365.com\/las-5-preguntas-mas-frecuentes-de-los-padres-primerizos-y-sus-respuestas-esenciales\/"]}]},{"@type":"BreadcrumbList","@id":"https:\/\/pediatra365.com\/las-5-preguntas-mas-frecuentes-de-los-padres-primerizos-y-sus-respuestas-esenciales\/#breadcrumb","itemListElement":[{"@type":"ListItem","position":1,"name":"Portada","item":"https:\/\/pediatra365.com\/"},{"@type":"ListItem","position":2,"name":"Las 5 Preguntas M\u00e1s Frecuentes de los Padres Primerizos (y Sus Respuestas Esenciales)"}]},{"@type":"WebSite","@id":"https:\/\/pediatra365.com\/#website","url":"https:\/\/pediatra365.com\/","name":"Pediatra365","description":"Servicio de pediatr\u00eda a domicilio en Madrid","publisher":{"@id":"https:\/\/pediatra365.com\/#\/schema\/person\/95a0a44149e9026d0aa2d63c8179a94c"},"alternateName":"El mejor pediatra a domicilio en Madrid","potentialAction":[{"@type":"SearchAction","target":{"@type":"EntryPoint","urlTemplate":"https:\/\/pediatra365.com\/?s={search_term_string}"},"query-input":{"@type":"PropertyValueSpecification","valueRequired":true,"valueName":"search_term_string"}}],"inLanguage":"en-US"},{"@type":["Person","Organization"],"@id":"https:\/\/pediatra365.com\/#\/schema\/person\/95a0a44149e9026d0aa2d63c8179a94c","name":"Alfonso Ca\u00f1ete","image":{"@type":"ImageObject","inLanguage":"en-US","@id":"https:\/\/pediatra365.com\/wp-content\/uploads\/2023\/02\/WhatsApp-Image-2023-02-12-at-19.38.17.jpeg","url":"https:\/\/pediatra365.com\/wp-content\/uploads\/2023\/02\/WhatsApp-Image-2023-02-12-at-19.38.17.jpeg","contentUrl":"https:\/\/pediatra365.com\/wp-content\/uploads\/2023\/02\/WhatsApp-Image-2023-02-12-at-19.38.17.jpeg","width":1600,"height":297,"caption":"Alfonso Ca\u00f1ete"},"logo":{"@id":"https:\/\/pediatra365.com\/wp-content\/uploads\/2023\/02\/WhatsApp-Image-2023-02-12-at-19.38.17.jpeg"},"sameAs":["https:\/\/pediatra365.com\/"]},{"@type":"Person","@id":"https:\/\/pediatra365.com\/#\/schema\/person\/0fa289dc35425f29acda50ba3d7833a0","name":"admin","image":{"@type":"ImageObject","inLanguage":"en-US","@id":"https:\/\/secure.gravatar.com\/avatar\/b37b26c8caab22840b5ad2a1a59eeaabcb73a7a3ff1a38cd15b7fc3e86213a02?s=96&d=mm&r=g","url":"https:\/\/secure.gravatar.com\/avatar\/b37b26c8caab22840b5ad2a1a59eeaabcb73a7a3ff1a38cd15b7fc3e86213a02?s=96&d=mm&r=g","contentUrl":"https:\/\/secure.gravatar.com\/avatar\/b37b26c8caab22840b5ad2a1a59eeaabcb73a7a3ff1a38cd15b7fc3e86213a02?s=96&d=mm&r=g","caption":"admin"},"sameAs":["http:\/\/pediatra365.com"]}]}},"_links":{"self":[{"href":"https:\/\/pediatra365.com\/en\/wp-json\/wp\/v2\/posts\/742","targetHints":{"allow":["GET"]}}],"collection":[{"href":"https:\/\/pediatra365.com\/en\/wp-json\/wp\/v2\/posts"}],"about":[{"href":"https:\/\/pediatra365.com\/en\/wp-json\/wp\/v2\/types\/post"}],"author":[{"embeddable":true,"href":"https:\/\/pediatra365.com\/en\/wp-json\/wp\/v2\/users\/1"}],"replies":[{"embeddable":true,"href":"https:\/\/pediatra365.com\/en\/wp-json\/wp\/v2\/comments?post=742"}],"version-history":[{"count":2,"href":"https:\/\/pediatra365.com\/en\/wp-json\/wp\/v2\/posts\/742\/revisions"}],"predecessor-version":[{"id":746,"href":"https:\/\/pediatra365.com\/en\/wp-json\/wp\/v2\/posts\/742\/revisions\/746"}],"wp:attachment":[{"href":"https:\/\/pediatra365.com\/en\/wp-json\/wp\/v2\/media?parent=742"}],"wp:term":[{"taxonomy":"category","embeddable":true,"href":"https:\/\/pediatra365.com\/en\/wp-json\/wp\/v2\/categories?post=742"},{"taxonomy":"post_tag","embeddable":true,"href":"https:\/\/pediatra365.com\/en\/wp-json\/wp\/v2\/tags?post=742"}],"curies":[{"name":"wp","href":"https:\/\/api.w.org\/{rel}","templated":true}]}}