{"id":811,"date":"2025-02-07T11:30:58","date_gmt":"2025-02-07T11:30:58","guid":{"rendered":"https:\/\/pediatra365.com\/?p=811"},"modified":"2025-02-07T11:30:59","modified_gmt":"2025-02-07T11:30:59","slug":"cuidados-esenciales-para-tu-bebe-en-sus-primeros-meses","status":"publish","type":"post","link":"https:\/\/pediatra365.com\/en\/cuidados-esenciales-para-tu-bebe-en-sus-primeros-meses\/","title":{"rendered":"Cuidados Esenciales para tu beb\u00e9 en sus primeros meses"},"content":{"rendered":"<p>Ser padre primerizo es una experiencia llena de emociones y nuevos desaf\u00edos. Durante los primeros meses de vida, tu beb\u00e9 necesitar\u00e1 cuidados especiales para garantizar su bienestar y un desarrollo saludable. En este art\u00edculo, te proporcionamos una gu\u00eda completa con todo lo que debes saber sobre los aspectos esenciales del cuidado de tu reci\u00e9n nacido.<\/p>\n\n\n\n<h2 class=\"wp-block-heading\">La importancia de la alimentaci\u00f3n en los primeros meses<\/h2>\n\n\n\n<p>La alimentaci\u00f3n es clave en el crecimiento de tu beb\u00e9. Durante los primeros seis meses, la leche materna o la f\u00f3rmula infantil ser\u00e1n su principal fuente de nutrientes.<\/p>\n\n\n\n<h3 class=\"wp-block-heading\">Lactancia materna o f\u00f3rmula: \u00bfqu\u00e9 elegir?<\/h3>\n\n\n\n<p>La leche materna es la mejor opci\u00f3n debido a sus m\u00faltiples beneficios:<\/p>\n\n\n\n<ul class=\"wp-block-list\">\n<li>Aporta los nutrientes esenciales para el desarrollo.<\/li>\n\n\n\n<li>Contiene anticuerpos que protegen contra enfermedades.<\/li>\n\n\n\n<li>Favorece el v\u00ednculo entre madre e hijo.<\/li>\n<\/ul>\n\n\n\n<p>Si la lactancia materna no es posible, las f\u00f3rmulas infantiles est\u00e1n dise\u00f1adas para cubrir las necesidades nutricionales del beb\u00e9. Consulta con tu pediatra cu\u00e1l es la mejor opci\u00f3n para tu hijo.<\/p>\n\n\n\n<h3 class=\"wp-block-heading\">Frecuencia y se\u00f1ales de hambre<\/h3>\n\n\n\n<p>Cada beb\u00e9 es \u00fanico, pero en general, los reci\u00e9n nacidos deben alimentarse cada 2-3 horas. Algunas se\u00f1ales de hambre incluyen:<\/p>\n\n\n\n<ul class=\"wp-block-list\">\n<li>Movimientos de succi\u00f3n.<\/li>\n\n\n\n<li>B\u00fasqueda del pecho o biber\u00f3n.<\/li>\n\n\n\n<li>Llanto persistente.<\/li>\n<\/ul>\n\n\n\n<p>Es importante respetar el ritmo del beb\u00e9 y asegurarte de que est\u00e9 bien alimentado en cada toma.<\/p>\n\n\n\n<h2 class=\"wp-block-heading\">El sue\u00f1o del beb\u00e9: c\u00f3mo establecer h\u00e1bitos saludables<\/h2>\n\n\n\n<p>Los reci\u00e9n nacidos duermen en promedio entre 14 y 17 horas al d\u00eda, pero en periodos cortos. Para ayudarle a establecer buenos h\u00e1bitos de sue\u00f1o:<\/p>\n\n\n\n<h3 class=\"wp-block-heading\">Crea una rutina nocturna<\/h3>\n\n\n\n<ul class=\"wp-block-list\">\n<li><strong>Ba\u00f1o relajante<\/strong> antes de dormir.<\/li>\n\n\n\n<li><strong>Luces tenues y ambiente tranquilo<\/strong> en la habitaci\u00f3n.<\/li>\n\n\n\n<li><strong>Evita la estimulaci\u00f3n nocturna<\/strong>, como ruidos fuertes o juegos activos.<\/li>\n<\/ul>\n\n\n\n<h3 class=\"wp-block-heading\">Posici\u00f3n segura para dormir<\/h3>\n\n\n\n<p>Para prevenir el s\u00edndrome de muerte s\u00fabita del lactante (SMSL):<\/p>\n\n\n\n<ul class=\"wp-block-list\">\n<li>Coloca al beb\u00e9 <strong>boca arriba<\/strong> en su cuna.<\/li>\n\n\n\n<li>Usa un <strong>colch\u00f3n firme<\/strong> y evita almohadas o peluches.<\/li>\n\n\n\n<li>Comparte habitaci\u00f3n con el beb\u00e9, pero no la cama.<\/li>\n<\/ul>\n\n\n\n<h2 class=\"wp-block-heading\">Higiene y cuidado de la piel del reci\u00e9n nacido<\/h2>\n\n\n\n<p>La piel de los beb\u00e9s es delicada y requiere cuidados especiales para evitar irritaciones y alergias.<\/p>\n\n\n\n<h3 class=\"wp-block-heading\">Ba\u00f1o del beb\u00e9<\/h3>\n\n\n\n<ul class=\"wp-block-list\">\n<li>Usa <strong>agua tibia<\/strong> y un jab\u00f3n neutro.<\/li>\n\n\n\n<li>B\u00e1\u00f1alo <strong>3-4 veces por semana<\/strong>, ya que un exceso puede resecar su piel.<\/li>\n\n\n\n<li>S\u00e9calo con una <strong>toalla suave<\/strong>, sin frotar.<\/li>\n<\/ul>\n\n\n\n<h3 class=\"wp-block-heading\">Cambio de pa\u00f1ales<\/h3>\n\n\n\n<ul class=\"wp-block-list\">\n<li>C\u00e1mbialo cada <strong>2-3 horas<\/strong> o siempre que est\u00e9 sucio.<\/li>\n\n\n\n<li>Usa <strong>toallitas sin alcohol<\/strong> o agua y algod\u00f3n para limpiar.<\/li>\n\n\n\n<li>Aplica una <strong>crema protectora<\/strong> para prevenir la dermatitis del pa\u00f1al.<\/li>\n<\/ul>\n\n\n\n<h2 class=\"wp-block-heading\">Desarrollo y estimulaci\u00f3n temprana<\/h2>\n\n\n\n<p>Los primeros meses son fundamentales para el desarrollo del beb\u00e9. Puedes estimular sus sentidos con actividades sencillas:<\/p>\n\n\n\n<h3 class=\"wp-block-heading\">Contacto y comunicaci\u00f3n<\/h3>\n\n\n\n<ul class=\"wp-block-list\">\n<li>H\u00e1blale y c\u00e1ntale con frecuencia.<\/li>\n\n\n\n<li>Mant\u00e9n contacto visual y responde a sus balbuceos.<\/li>\n\n\n\n<li>Practica el <strong>m\u00e9todo piel con piel<\/strong>, que fortalece el v\u00ednculo afectivo.<\/li>\n<\/ul>\n\n\n\n<h3 class=\"wp-block-heading\">Juegos y exploraci\u00f3n<\/h3>\n\n\n\n<ul class=\"wp-block-list\">\n<li>Usa juguetes con <strong>diferentes texturas y sonidos<\/strong>.<\/li>\n\n\n\n<li>Practica <strong>tiempo boca abajo<\/strong> (tummy time) para fortalecer sus m\u00fasculos.<\/li>\n\n\n\n<li>An\u00edmalo a <strong>seguir objetos con la mirada<\/strong> para mejorar su coordinaci\u00f3n.<\/li>\n<\/ul>\n\n\n\n<h2 class=\"wp-block-heading\">Cu\u00e1ndo acudir al pediatra<\/h2>\n\n\n\n<p>Es normal tener dudas sobre la salud del beb\u00e9. Algunas se\u00f1ales de alarma que requieren consulta m\u00e9dica son:<\/p>\n\n\n\n<ul class=\"wp-block-list\">\n<li>Fiebre superior a <strong>38\u00b0C<\/strong> en menores de tres meses.<\/li>\n\n\n\n<li>Dificultad para respirar o piel azulada.<\/li>\n\n\n\n<li>Falta de inter\u00e9s por comer.<\/li>\n\n\n\n<li>Llanto inconsolable o comportamiento inusual.<\/li>\n<\/ul>\n\n\n\n<p>Las revisiones pedi\u00e1tricas regulares son fundamentales para asegurarte de que tu beb\u00e9 est\u00e1 creciendo adecuadamente.<\/p>\n\n\n\n<h3 class=\"wp-block-heading\">En definitiva<\/h3>\n\n\n\n<p>Los primeros meses de vida de un beb\u00e9 son una etapa \u00fanica y especial que requiere cuidados constantes. Alimentaci\u00f3n, sue\u00f1o, higiene y estimulaci\u00f3n son aspectos clave para su bienestar. Con paciencia, amor e informaci\u00f3n adecuada, podr\u00e1s brindarle el mejor inicio en su vida. <strong>Si tienes dudas o necesitas asesoramiento personalizado, el Dr. Alfonso Ca\u00f1ete est\u00e1 disponible para atenderte a domicilio y ofrecerte la mejor orientaci\u00f3n pedi\u00e1trica.<\/strong><\/p>\n\n\n\n<p><\/p>","protected":false},"excerpt":{"rendered":"<p>Ser padre primerizo es una experiencia llena de emociones y nuevos desaf\u00edos. Durante los primeros meses de vida, tu beb\u00e9 necesitar\u00e1 cuidados especiales para garantizar su bienestar y un desarrollo saludable. En este art\u00edculo, te proporcionamos una gu\u00eda completa con todo lo que debes saber sobre los aspectos esenciales del cuidado de tu reci\u00e9n nacido. [&hellip;]<\/p>\n","protected":false},"author":1,"featured_media":0,"comment_status":"open","ping_status":"open","sticky":false,"template":"","format":"standard","meta":{"footnotes":""},"categories":[1],"tags":[],"class_list":["post-811","post","type-post","status-publish","format-standard","hentry","category-blog"],"yoast_head":"<!-- This site is optimized with the Yoast SEO plugin v27.5 - https:\/\/yoast.com\/product\/yoast-seo-wordpress\/ -->\n<title>Cuidados Esenciales para tu beb\u00e9 en sus primeros meses<\/title>\n<meta name=\"robots\" content=\"index, follow, max-snippet:-1, max-image-preview:large, max-video-preview:-1\" \/>\n<link rel=\"canonical\" href=\"https:\/\/pediatra365.com\/en\/cuidados-esenciales-para-tu-bebe-en-sus-primeros-meses\/\" \/>\n<meta property=\"og:locale\" content=\"en_US\" \/>\n<meta property=\"og:type\" content=\"article\" \/>\n<meta property=\"og:title\" content=\"Cuidados Esenciales para tu beb\u00e9 en sus primeros meses\" \/>\n<meta property=\"og:description\" content=\"Ser padre primerizo es una experiencia llena de emociones y nuevos desaf\u00edos. Durante los primeros meses de vida, tu beb\u00e9 necesitar\u00e1 cuidados especiales para garantizar su bienestar y un desarrollo saludable. En este art\u00edculo, te proporcionamos una gu\u00eda completa con todo lo que debes saber sobre los aspectos esenciales del cuidado de tu reci\u00e9n nacido. [&hellip;]\" \/>\n<meta property=\"og:url\" content=\"https:\/\/pediatra365.com\/en\/cuidados-esenciales-para-tu-bebe-en-sus-primeros-meses\/\" \/>\n<meta property=\"og:site_name\" content=\"Pediatra365\" \/>\n<meta property=\"article:published_time\" content=\"2025-02-07T11:30:58+00:00\" \/>\n<meta property=\"article:modified_time\" content=\"2025-02-07T11:30:59+00:00\" \/>\n<meta property=\"og:image\" content=\"https:\/\/pediatra365.com\/wp-content\/uploads\/2023\/02\/WhatsApp-Image-2023-02-12-at-19.38.17.jpeg\" \/>\n\t<meta property=\"og:image:width\" content=\"1600\" \/>\n\t<meta property=\"og:image:height\" content=\"297\" \/>\n\t<meta property=\"og:image:type\" content=\"image\/jpeg\" \/>\n<meta name=\"author\" content=\"admin\" \/>\n<meta name=\"twitter:card\" content=\"summary_large_image\" \/>\n<meta name=\"twitter:label1\" content=\"Written by\" \/>\n\t<meta name=\"twitter:data1\" content=\"admin\" \/>\n\t<meta name=\"twitter:label2\" content=\"Est. reading time\" \/>\n\t<meta name=\"twitter:data2\" content=\"3 minutes\" \/>\n<script type=\"application\/ld+json\" class=\"yoast-schema-graph\">{\"@context\":\"https:\\\/\\\/schema.org\",\"@graph\":[{\"@type\":\"Article\",\"@id\":\"https:\\\/\\\/pediatra365.com\\\/cuidados-esenciales-para-tu-bebe-en-sus-primeros-meses\\\/#article\",\"isPartOf\":{\"@id\":\"https:\\\/\\\/pediatra365.com\\\/cuidados-esenciales-para-tu-bebe-en-sus-primeros-meses\\\/\"},\"author\":{\"name\":\"admin\",\"@id\":\"https:\\\/\\\/pediatra365.com\\\/#\\\/schema\\\/person\\\/0fa289dc35425f29acda50ba3d7833a0\"},\"headline\":\"Cuidados Esenciales para tu beb\u00e9 en sus primeros meses\",\"datePublished\":\"2025-02-07T11:30:58+00:00\",\"dateModified\":\"2025-02-07T11:30:59+00:00\",\"mainEntityOfPage\":{\"@id\":\"https:\\\/\\\/pediatra365.com\\\/cuidados-esenciales-para-tu-bebe-en-sus-primeros-meses\\\/\"},\"wordCount\":688,\"commentCount\":0,\"publisher\":{\"@id\":\"https:\\\/\\\/pediatra365.com\\\/#\\\/schema\\\/person\\\/95a0a44149e9026d0aa2d63c8179a94c\"},\"articleSection\":[\"Blog\"],\"inLanguage\":\"en-US\",\"potentialAction\":[{\"@type\":\"CommentAction\",\"name\":\"Comment\",\"target\":[\"https:\\\/\\\/pediatra365.com\\\/cuidados-esenciales-para-tu-bebe-en-sus-primeros-meses\\\/#respond\"]}]},{\"@type\":\"WebPage\",\"@id\":\"https:\\\/\\\/pediatra365.com\\\/cuidados-esenciales-para-tu-bebe-en-sus-primeros-meses\\\/\",\"url\":\"https:\\\/\\\/pediatra365.com\\\/cuidados-esenciales-para-tu-bebe-en-sus-primeros-meses\\\/\",\"name\":\"Cuidados Esenciales para tu beb\u00e9 en sus primeros meses\",\"isPartOf\":{\"@id\":\"https:\\\/\\\/pediatra365.com\\\/#website\"},\"datePublished\":\"2025-02-07T11:30:58+00:00\",\"dateModified\":\"2025-02-07T11:30:59+00:00\",\"breadcrumb\":{\"@id\":\"https:\\\/\\\/pediatra365.com\\\/cuidados-esenciales-para-tu-bebe-en-sus-primeros-meses\\\/#breadcrumb\"},\"inLanguage\":\"en-US\",\"potentialAction\":[{\"@type\":\"ReadAction\",\"target\":[\"https:\\\/\\\/pediatra365.com\\\/cuidados-esenciales-para-tu-bebe-en-sus-primeros-meses\\\/\"]}]},{\"@type\":\"BreadcrumbList\",\"@id\":\"https:\\\/\\\/pediatra365.com\\\/cuidados-esenciales-para-tu-bebe-en-sus-primeros-meses\\\/#breadcrumb\",\"itemListElement\":[{\"@type\":\"ListItem\",\"position\":1,\"name\":\"Portada\",\"item\":\"https:\\\/\\\/pediatra365.com\\\/\"},{\"@type\":\"ListItem\",\"position\":2,\"name\":\"Cuidados Esenciales para tu beb\u00e9 en sus primeros meses\"}]},{\"@type\":\"WebSite\",\"@id\":\"https:\\\/\\\/pediatra365.com\\\/#website\",\"url\":\"https:\\\/\\\/pediatra365.com\\\/\",\"name\":\"Pediatra365\",\"description\":\"Servicio de pediatr\u00eda a domicilio en Madrid\",\"publisher\":{\"@id\":\"https:\\\/\\\/pediatra365.com\\\/#\\\/schema\\\/person\\\/95a0a44149e9026d0aa2d63c8179a94c\"},\"alternateName\":\"El mejor pediatra a domicilio en Madrid\",\"potentialAction\":[{\"@type\":\"SearchAction\",\"target\":{\"@type\":\"EntryPoint\",\"urlTemplate\":\"https:\\\/\\\/pediatra365.com\\\/?s={search_term_string}\"},\"query-input\":{\"@type\":\"PropertyValueSpecification\",\"valueRequired\":true,\"valueName\":\"search_term_string\"}}],\"inLanguage\":\"en-US\"},{\"@type\":[\"Person\",\"Organization\"],\"@id\":\"https:\\\/\\\/pediatra365.com\\\/#\\\/schema\\\/person\\\/95a0a44149e9026d0aa2d63c8179a94c\",\"name\":\"Alfonso Ca\u00f1ete\",\"image\":{\"@type\":\"ImageObject\",\"inLanguage\":\"en-US\",\"@id\":\"https:\\\/\\\/pediatra365.com\\\/wp-content\\\/uploads\\\/2023\\\/02\\\/WhatsApp-Image-2023-02-12-at-19.38.17.jpeg\",\"url\":\"https:\\\/\\\/pediatra365.com\\\/wp-content\\\/uploads\\\/2023\\\/02\\\/WhatsApp-Image-2023-02-12-at-19.38.17.jpeg\",\"contentUrl\":\"https:\\\/\\\/pediatra365.com\\\/wp-content\\\/uploads\\\/2023\\\/02\\\/WhatsApp-Image-2023-02-12-at-19.38.17.jpeg\",\"width\":1600,\"height\":297,\"caption\":\"Alfonso Ca\u00f1ete\"},\"logo\":{\"@id\":\"https:\\\/\\\/pediatra365.com\\\/wp-content\\\/uploads\\\/2023\\\/02\\\/WhatsApp-Image-2023-02-12-at-19.38.17.jpeg\"},\"sameAs\":[\"https:\\\/\\\/pediatra365.com\\\/\"]},{\"@type\":\"Person\",\"@id\":\"https:\\\/\\\/pediatra365.com\\\/#\\\/schema\\\/person\\\/0fa289dc35425f29acda50ba3d7833a0\",\"name\":\"admin\",\"image\":{\"@type\":\"ImageObject\",\"inLanguage\":\"en-US\",\"@id\":\"https:\\\/\\\/secure.gravatar.com\\\/avatar\\\/b37b26c8caab22840b5ad2a1a59eeaabcb73a7a3ff1a38cd15b7fc3e86213a02?s=96&d=mm&r=g\",\"url\":\"https:\\\/\\\/secure.gravatar.com\\\/avatar\\\/b37b26c8caab22840b5ad2a1a59eeaabcb73a7a3ff1a38cd15b7fc3e86213a02?s=96&d=mm&r=g\",\"contentUrl\":\"https:\\\/\\\/secure.gravatar.com\\\/avatar\\\/b37b26c8caab22840b5ad2a1a59eeaabcb73a7a3ff1a38cd15b7fc3e86213a02?s=96&d=mm&r=g\",\"caption\":\"admin\"},\"sameAs\":[\"http:\\\/\\\/pediatra365.com\"]}]}<\/script>\n<!-- \/ Yoast SEO plugin. -->","yoast_head_json":{"title":"Cuidados Esenciales para tu beb\u00e9 en sus primeros meses","robots":{"index":"index","follow":"follow","max-snippet":"max-snippet:-1","max-image-preview":"max-image-preview:large","max-video-preview":"max-video-preview:-1"},"canonical":"https:\/\/pediatra365.com\/en\/cuidados-esenciales-para-tu-bebe-en-sus-primeros-meses\/","og_locale":"en_US","og_type":"article","og_title":"Cuidados Esenciales para tu beb\u00e9 en sus primeros meses","og_description":"Ser padre primerizo es una experiencia llena de emociones y nuevos desaf\u00edos. Durante los primeros meses de vida, tu beb\u00e9 necesitar\u00e1 cuidados especiales para garantizar su bienestar y un desarrollo saludable. En este art\u00edculo, te proporcionamos una gu\u00eda completa con todo lo que debes saber sobre los aspectos esenciales del cuidado de tu reci\u00e9n nacido. [&hellip;]","og_url":"https:\/\/pediatra365.com\/en\/cuidados-esenciales-para-tu-bebe-en-sus-primeros-meses\/","og_site_name":"Pediatra365","article_published_time":"2025-02-07T11:30:58+00:00","article_modified_time":"2025-02-07T11:30:59+00:00","og_image":[{"width":1600,"height":297,"url":"https:\/\/pediatra365.com\/wp-content\/uploads\/2023\/02\/WhatsApp-Image-2023-02-12-at-19.38.17.jpeg","type":"image\/jpeg"}],"author":"admin","twitter_card":"summary_large_image","twitter_misc":{"Written by":"admin","Est. reading time":"3 minutes"},"schema":{"@context":"https:\/\/schema.org","@graph":[{"@type":"Article","@id":"https:\/\/pediatra365.com\/cuidados-esenciales-para-tu-bebe-en-sus-primeros-meses\/#article","isPartOf":{"@id":"https:\/\/pediatra365.com\/cuidados-esenciales-para-tu-bebe-en-sus-primeros-meses\/"},"author":{"name":"admin","@id":"https:\/\/pediatra365.com\/#\/schema\/person\/0fa289dc35425f29acda50ba3d7833a0"},"headline":"Cuidados Esenciales para tu beb\u00e9 en sus primeros meses","datePublished":"2025-02-07T11:30:58+00:00","dateModified":"2025-02-07T11:30:59+00:00","mainEntityOfPage":{"@id":"https:\/\/pediatra365.com\/cuidados-esenciales-para-tu-bebe-en-sus-primeros-meses\/"},"wordCount":688,"commentCount":0,"publisher":{"@id":"https:\/\/pediatra365.com\/#\/schema\/person\/95a0a44149e9026d0aa2d63c8179a94c"},"articleSection":["Blog"],"inLanguage":"en-US","potentialAction":[{"@type":"CommentAction","name":"Comment","target":["https:\/\/pediatra365.com\/cuidados-esenciales-para-tu-bebe-en-sus-primeros-meses\/#respond"]}]},{"@type":"WebPage","@id":"https:\/\/pediatra365.com\/cuidados-esenciales-para-tu-bebe-en-sus-primeros-meses\/","url":"https:\/\/pediatra365.com\/cuidados-esenciales-para-tu-bebe-en-sus-primeros-meses\/","name":"Cuidados Esenciales para tu beb\u00e9 en sus primeros meses","isPartOf":{"@id":"https:\/\/pediatra365.com\/#website"},"datePublished":"2025-02-07T11:30:58+00:00","dateModified":"2025-02-07T11:30:59+00:00","breadcrumb":{"@id":"https:\/\/pediatra365.com\/cuidados-esenciales-para-tu-bebe-en-sus-primeros-meses\/#breadcrumb"},"inLanguage":"en-US","potentialAction":[{"@type":"ReadAction","target":["https:\/\/pediatra365.com\/cuidados-esenciales-para-tu-bebe-en-sus-primeros-meses\/"]}]},{"@type":"BreadcrumbList","@id":"https:\/\/pediatra365.com\/cuidados-esenciales-para-tu-bebe-en-sus-primeros-meses\/#breadcrumb","itemListElement":[{"@type":"ListItem","position":1,"name":"Portada","item":"https:\/\/pediatra365.com\/"},{"@type":"ListItem","position":2,"name":"Cuidados Esenciales para tu beb\u00e9 en sus primeros meses"}]},{"@type":"WebSite","@id":"https:\/\/pediatra365.com\/#website","url":"https:\/\/pediatra365.com\/","name":"Pediatra365","description":"Servicio de pediatr\u00eda a domicilio en Madrid","publisher":{"@id":"https:\/\/pediatra365.com\/#\/schema\/person\/95a0a44149e9026d0aa2d63c8179a94c"},"alternateName":"El mejor pediatra a domicilio en Madrid","potentialAction":[{"@type":"SearchAction","target":{"@type":"EntryPoint","urlTemplate":"https:\/\/pediatra365.com\/?s={search_term_string}"},"query-input":{"@type":"PropertyValueSpecification","valueRequired":true,"valueName":"search_term_string"}}],"inLanguage":"en-US"},{"@type":["Person","Organization"],"@id":"https:\/\/pediatra365.com\/#\/schema\/person\/95a0a44149e9026d0aa2d63c8179a94c","name":"Alfonso Ca\u00f1ete","image":{"@type":"ImageObject","inLanguage":"en-US","@id":"https:\/\/pediatra365.com\/wp-content\/uploads\/2023\/02\/WhatsApp-Image-2023-02-12-at-19.38.17.jpeg","url":"https:\/\/pediatra365.com\/wp-content\/uploads\/2023\/02\/WhatsApp-Image-2023-02-12-at-19.38.17.jpeg","contentUrl":"https:\/\/pediatra365.com\/wp-content\/uploads\/2023\/02\/WhatsApp-Image-2023-02-12-at-19.38.17.jpeg","width":1600,"height":297,"caption":"Alfonso Ca\u00f1ete"},"logo":{"@id":"https:\/\/pediatra365.com\/wp-content\/uploads\/2023\/02\/WhatsApp-Image-2023-02-12-at-19.38.17.jpeg"},"sameAs":["https:\/\/pediatra365.com\/"]},{"@type":"Person","@id":"https:\/\/pediatra365.com\/#\/schema\/person\/0fa289dc35425f29acda50ba3d7833a0","name":"admin","image":{"@type":"ImageObject","inLanguage":"en-US","@id":"https:\/\/secure.gravatar.com\/avatar\/b37b26c8caab22840b5ad2a1a59eeaabcb73a7a3ff1a38cd15b7fc3e86213a02?s=96&d=mm&r=g","url":"https:\/\/secure.gravatar.com\/avatar\/b37b26c8caab22840b5ad2a1a59eeaabcb73a7a3ff1a38cd15b7fc3e86213a02?s=96&d=mm&r=g","contentUrl":"https:\/\/secure.gravatar.com\/avatar\/b37b26c8caab22840b5ad2a1a59eeaabcb73a7a3ff1a38cd15b7fc3e86213a02?s=96&d=mm&r=g","caption":"admin"},"sameAs":["http:\/\/pediatra365.com"]}]}},"_links":{"self":[{"href":"https:\/\/pediatra365.com\/en\/wp-json\/wp\/v2\/posts\/811","targetHints":{"allow":["GET"]}}],"collection":[{"href":"https:\/\/pediatra365.com\/en\/wp-json\/wp\/v2\/posts"}],"about":[{"href":"https:\/\/pediatra365.com\/en\/wp-json\/wp\/v2\/types\/post"}],"author":[{"embeddable":true,"href":"https:\/\/pediatra365.com\/en\/wp-json\/wp\/v2\/users\/1"}],"replies":[{"embeddable":true,"href":"https:\/\/pediatra365.com\/en\/wp-json\/wp\/v2\/comments?post=811"}],"version-history":[{"count":1,"href":"https:\/\/pediatra365.com\/en\/wp-json\/wp\/v2\/posts\/811\/revisions"}],"predecessor-version":[{"id":812,"href":"https:\/\/pediatra365.com\/en\/wp-json\/wp\/v2\/posts\/811\/revisions\/812"}],"wp:attachment":[{"href":"https:\/\/pediatra365.com\/en\/wp-json\/wp\/v2\/media?parent=811"}],"wp:term":[{"taxonomy":"category","embeddable":true,"href":"https:\/\/pediatra365.com\/en\/wp-json\/wp\/v2\/categories?post=811"},{"taxonomy":"post_tag","embeddable":true,"href":"https:\/\/pediatra365.com\/en\/wp-json\/wp\/v2\/tags?post=811"}],"curies":[{"name":"wp","href":"https:\/\/api.w.org\/{rel}","templated":true}]}}